{"id":799,"date":"2025-12-09T15:25:08","date_gmt":"2025-12-09T18:25:08","guid":{"rendered":"https:\/\/fenord.edu.br\/site\/?p=799"},"modified":"2025-12-09T16:04:39","modified_gmt":"2025-12-09T19:04:39","slug":"799-2","status":"publish","type":"post","link":"https:\/\/fenord.edu.br\/site\/799-2\/","title":{"rendered":"Vestibular Agendado 2026"},"content":{"rendered":"<div style=\"text-align: center; margin-bottom: 20px;\">\n    <a href=\"https:\/\/forms.gle\/ZjZZgpAjhksZ7iJHA\" target=\"_blank\" style=\"\n        display: inline-block;\n        padding: 15px 30px;\n        background-color: #007bff; \/* Cor de fundo do bot\u00e3o (Azul) *\/\n        color: white; \/* Cor do texto *\/\n        text-decoration: none; \/* Remove sublinhado *\/\n        border-radius: 8px; \/* Cantos arredondados *\/\n        font-size: 18px;\n        font-weight: bold;\n        transition: background-color 0.3s ease; \/* Efeito de transi\u00e7\u00e3o suave *\/\n        border: 2px solid #007bff;\n    \" onmouseover=\"this.style.backgroundColor='#0056b3'; this.style.borderColor='#0056b3';\" onmouseout=\"this.style.backgroundColor='#007bff'; this.style.borderColor='#007bff';\"><br \/>\n        INSCREVER-SE NO VESTIBULAR<br \/>\n    <\/a>\n<\/div>\n<div style=\"margin-top: 20px;\">\n<h3 style=\"text-align: center;\">Edital do Vestibular agendado<\/h3>\n<p style=\"text-align: center; font-style: italic;\">(Visualize o documento abaixo ou clique <a href=\"https:\/\/fenord.edu.br\/site\/wp-content\/uploads\/2025\/12\/Edital_Programa-Vtb_Agendado_2026.pdf\" target=\"_blank\">aqui para abrir em tela cheia<\/a>)<\/p>\n<p>    <iframe src=\"https:\/\/fenord.edu.br\/site\/wp-content\/uploads\/2025\/12\/Edital_Programa-Vtb_Agendado_2026.pdf\" style=\"width: 100%; height: 800px; border: none;\" title=\"Edital do Programa de Vestibular\"><\/p>\n<p>Seu navegador n\u00e3o suporta a incorpora\u00e7\u00e3o de iframes. Voc\u00ea pode fazer o download do Edital <a href=\"https:\/\/fenord.edu.br\/site\/wp-content\/uploads\/2025\/12\/Edital_Programa-Vtb_Agendado_2026.pdf\" target=\"_blank\">clicando neste link<\/a>.<\/p>\n<p>    <\/iframe>\n<\/div>\n","protected":false},"excerpt":{"rendered":"<p>INSCREVER-SE NO VESTIBULAR Edital do Vestibular agendado (Visualize o documento abaixo ou clique aqui para abrir em tela cheia) Seu navegador n\u00e3o suporta a incorpora\u00e7\u00e3o de iframes. Voc\u00ea pode fazer o download do Edital clicando neste link.<\/p>\n","protected":false},"author":1,"featured_media":800,"comment_status":"closed","ping_status":"closed","sticky":true,"template":"","format":"standard","meta":{"_editorskit_title_hidden":false,"_editorskit_reading_time":0,"_editorskit_is_block_options_detached":false,"_editorskit_block_options_position":"{}","footnotes":""},"categories":[1],"tags":[],"class_list":["post-799","post","type-post","status-publish","format-standard","has-post-thumbnail","hentry","category-sem-categoria"],"_links":{"self":[{"href":"https:\/\/fenord.edu.br\/site\/wp-json\/wp\/v2\/posts\/799","targetHints":{"allow":["GET"]}}],"collection":[{"href":"https:\/\/fenord.edu.br\/site\/wp-json\/wp\/v2\/posts"}],"about":[{"href":"https:\/\/fenord.edu.br\/site\/wp-json\/wp\/v2\/types\/post"}],"author":[{"embeddable":true,"href":"https:\/\/fenord.edu.br\/site\/wp-json\/wp\/v2\/users\/1"}],"replies":[{"embeddable":true,"href":"https:\/\/fenord.edu.br\/site\/wp-json\/wp\/v2\/comments?post=799"}],"version-history":[{"count":6,"href":"https:\/\/fenord.edu.br\/site\/wp-json\/wp\/v2\/posts\/799\/revisions"}],"predecessor-version":[{"id":809,"href":"https:\/\/fenord.edu.br\/site\/wp-json\/wp\/v2\/posts\/799\/revisions\/809"}],"wp:featuredmedia":[{"embeddable":true,"href":"https:\/\/fenord.edu.br\/site\/wp-json\/wp\/v2\/media\/800"}],"wp:attachment":[{"href":"https:\/\/fenord.edu.br\/site\/wp-json\/wp\/v2\/media?parent=799"}],"wp:term":[{"taxonomy":"category","embeddable":true,"href":"https:\/\/fenord.edu.br\/site\/wp-json\/wp\/v2\/categories?post=799"},{"taxonomy":"post_tag","embeddable":true,"href":"https:\/\/fenord.edu.br\/site\/wp-json\/wp\/v2\/tags?post=799"}],"curies":[{"name":"wp","href":"https:\/\/api.w.org\/{rel}","templated":true}]}}