{"id":744,"date":"2025-11-05T14:52:07","date_gmt":"2025-11-05T17:52:07","guid":{"rendered":"https:\/\/fenord.edu.br\/site\/?p=744"},"modified":"2025-12-09T15:36:52","modified_gmt":"2025-12-09T18:36:52","slug":"inscricao-do-vestibular-2026-iesi-fenord","status":"publish","type":"post","link":"https:\/\/fenord.edu.br\/site\/inscricao-do-vestibular-2026-iesi-fenord\/","title":{"rendered":"Vestibular 2026"},"content":{"rendered":"<p>&nbsp;<\/p>\n<style>\n        body {<br \/>            font-family: Arial, sans-serif;<br \/>            margin: 20px;<br \/>            color: #333;<br \/>        }<br \/>        .container {<br \/>            max-width: 900px;<br \/>            margin: auto;<br \/>            padding: 3px;<br \/>            border: 1px solid #ddd;<br \/>            border-radius: 8px;<br \/>            box-shadow: 0 4px 8px rgba(0,0,0,0.1);<br \/>        }<br \/>        h1 {<br \/>            color: #004a99; \/* Cor que remete a institucional\/educa\u00e7\u00e3o *\/<br \/>            font-size: 1.5em;<br \/>            border-bottom: 2px solid #ffcc00; \/* Destaque *\/<br \/>            padding-bottom: 5px;<br \/>        }<br \/>        .intro {<br \/>            font-size: 1.1em;<br \/>            line-height: 1.6;<br \/>            margin-bottom: 20px;<br \/>        }<br \/>        .destaque {<br \/>            font-weight: bold;<br \/>            color: #cc0000; \/* Cor de \u00eanfase *\/<br \/>        }<br \/>        .quality-points {<br \/>            margin: 20px 0;<br \/>            padding: 15px;<br \/>            background-color: #f9f9f9;<br \/>            border-left: 5px solid #004a99;<br \/>            border-radius: 4px;<br \/>        }<br \/>        .quality-points ul {<br \/>            list-style: none;<br \/>            padding: 0;<br \/>        }<br \/>        .quality-points li {<br \/>            margin-bottom: 10px;<br \/>        }<br \/>        .button-group {<br \/>            text-align: center;<br \/>            margin-top: 30px;<br \/>        }<br \/>        .button {<br \/>            display: inline-block;<br \/>            padding: 12px 25px;<br \/>            margin: 10px;<br \/>            text-decoration: none;<br \/>            color: white;<br \/>            border-radius: 5px;<br \/>            font-weight: bold;<br \/>            transition: background-color 0.3s ease;<br \/>        }<br \/>        .btn-inscricao {<br \/>            background-color: #4CAF50; \/* Verde para a\u00e7\u00e3o principal *\/<br \/>        }<br \/>        .btn-inscricao:hover {<br \/>            background-color: #45a049;<br \/>        }<br \/>        .btn-edital {<br \/>            background-color: #f44336; \/* Vermelho\/Laranja para a\u00e7\u00e3o secund\u00e1ria *\/<br \/>        }<br \/>        .btn-edital:hover {<br \/>            background-color: #da190b;<br \/>        }<br \/>    <\/style>\n<p>&nbsp;<\/p>\n<div class=\"container\">\n<p style=\"font-size: 1.8em; text-align: center;\"><span class=\"destaque\">\ud83d\ude80 Seu futuro come\u00e7a na excel\u00eancia: Venha para a FENORD!<\/span><\/p>\n<p class=\"intro\">A FENORD tem o prazer de convidar voc\u00ea para o nosso pr\u00f3ximo processo seletivo (Vestibular Agendado) e iniciar sua jornada acad\u00eamica em uma institui\u00e7\u00e3o que \u00e9 <span class=\"destaque\">refer\u00eancia de qualidade<\/span> em toda a regi\u00e3o.<\/p>\n<div class=\"quality-points\">\n<p style=\"font-weight: bold; font-size: 1.1em;\">\u2705 Por que escolher a FENORD?<\/p>\n<ul>\n<li>\u2728 Maior Nota ENADE da Regi\u00e3o:Garantia de excel\u00eancia e preparo para o mercado.<\/li>\n<li>\ud83c\udfc6 Conceito Institucional M\u00e1ximo (Nota 5) no MEC: A mais alta avalia\u00e7\u00e3o de qualidade do Minist\u00e9rio da Educa\u00e7\u00e3o.<\/li>\n<\/ul>\n<p style=\"margin-top: 15px; text-align: center;\">\n<\/div>\n<div class=\"button-group\"><a class=\"button btn-inscricao\" href=\"https:\/\/forms.gle\/rM11RHQeX41hcyp97\" target=\"_blank\" rel=\"noopener\"><br \/>\nFAZER INSCRI\u00c7\u00c3O AGORA<br \/>\n<\/a><a class=\"button btn-edital\" href=\"https:\/\/fenord.edu.br\/site\/wp-content\/uploads\/2025\/11\/edital.pdf\" target=\"_blank\" rel=\"noopener\"><br \/>\nVER EDITAL<br \/>\n<\/a><\/div>\n<\/div>\n<p>&nbsp;<\/p>\n","protected":false},"excerpt":{"rendered":"<p>&nbsp; &nbsp; \ud83d\ude80 Seu futuro come\u00e7a na excel\u00eancia: Venha para a FENORD! A FENORD tem o prazer de convidar voc\u00ea para o nosso pr\u00f3ximo processo seletivo (Vestibular Agendado) e iniciar sua jornada acad\u00eamica em uma institui\u00e7\u00e3o que \u00e9 refer\u00eancia de qualidade em toda a regi\u00e3o. \u2705 Por que escolher a &hellip; <\/p>\n","protected":false},"author":1,"featured_media":778,"comment_status":"closed","ping_status":"closed","sticky":false,"template":"","format":"standard","meta":{"_editorskit_title_hidden":false,"_editorskit_reading_time":0,"_editorskit_is_block_options_detached":false,"_editorskit_block_options_position":"{}","footnotes":""},"categories":[1],"tags":[],"class_list":["post-744","post","type-post","status-publish","format-standard","has-post-thumbnail","hentry","category-sem-categoria"],"_links":{"self":[{"href":"https:\/\/fenord.edu.br\/site\/wp-json\/wp\/v2\/posts\/744","targetHints":{"allow":["GET"]}}],"collection":[{"href":"https:\/\/fenord.edu.br\/site\/wp-json\/wp\/v2\/posts"}],"about":[{"href":"https:\/\/fenord.edu.br\/site\/wp-json\/wp\/v2\/types\/post"}],"author":[{"embeddable":true,"href":"https:\/\/fenord.edu.br\/site\/wp-json\/wp\/v2\/users\/1"}],"replies":[{"embeddable":true,"href":"https:\/\/fenord.edu.br\/site\/wp-json\/wp\/v2\/comments?post=744"}],"version-history":[{"count":26,"href":"https:\/\/fenord.edu.br\/site\/wp-json\/wp\/v2\/posts\/744\/revisions"}],"predecessor-version":[{"id":805,"href":"https:\/\/fenord.edu.br\/site\/wp-json\/wp\/v2\/posts\/744\/revisions\/805"}],"wp:featuredmedia":[{"embeddable":true,"href":"https:\/\/fenord.edu.br\/site\/wp-json\/wp\/v2\/media\/778"}],"wp:attachment":[{"href":"https:\/\/fenord.edu.br\/site\/wp-json\/wp\/v2\/media?parent=744"}],"wp:term":[{"taxonomy":"category","embeddable":true,"href":"https:\/\/fenord.edu.br\/site\/wp-json\/wp\/v2\/categories?post=744"},{"taxonomy":"post_tag","embeddable":true,"href":"https:\/\/fenord.edu.br\/site\/wp-json\/wp\/v2\/tags?post=744"}],"curies":[{"name":"wp","href":"https:\/\/api.w.org\/{rel}","templated":true}]}}