{"id":734,"date":"2025-10-30T12:59:42","date_gmt":"2025-10-30T15:59:42","guid":{"rendered":"https:\/\/fenord.edu.br\/site\/?p=734"},"modified":"2025-10-30T12:59:42","modified_gmt":"2025-10-30T15:59:42","slug":"workshop-do-livro-para-avaliacao-da-obra-literaria","status":"publish","type":"post","link":"https:\/\/fenord.edu.br\/site\/workshop-do-livro-para-avaliacao-da-obra-literaria\/","title":{"rendered":"WORKSHOP DO LIVRO PARA AVALIA\u00c7\u00c3O DA OBRA LITER\u00c1RIA"},"content":{"rendered":"<p>No dia 22 de outubro, foi realizado, no Audit\u00f3rio do IESI\/FENORD, o<br \/>\nworkshop sobre a obra \u201cDa Viol\u00eancia\u201d, de Hannah Arendt, com a participa\u00e7\u00e3o dos<br \/>\nalunos do curso de Direito dos segundos, quartos, sextos e oitavos per\u00edodos.<br \/>\nO encontro foi conduzido pelo professor F\u00e1rnio Rodrigues Chaves, que<br \/>\npromoveu uma reflex\u00e3o profunda sobre as ideias apresentadas por Arendt, uma<br \/>\ndas mais influentes fil\u00f3sofas pol\u00edticas do s\u00e9culo XX. Durante a atividade, os<br \/>\nestudantes foram convidados a refletir sobre as rela\u00e7\u00f5es entre poder, viol\u00eancia e<br \/>\nautoridade, temas centrais da obra.<br \/>\nA discuss\u00e3o buscou compreender como Arendt distingue a viol\u00eancia como<br \/>\ninstrumento pol\u00edtico e o poder como express\u00e3o coletiva e leg\u00edtima da a\u00e7\u00e3o<br \/>\nhumana, estimulando o pensamento cr\u00edtico acerca dos limites \u00e9ticos e jur\u00eddicos da<br \/>\ncoer\u00e7\u00e3o e do uso da for\u00e7a nas sociedades contempor\u00e2neas.<br \/>\nAl\u00e9m de contribuir para a avalia\u00e7\u00e3o da obra liter\u00e1ria, o workshop possibilitou<br \/>\num espa\u00e7o de di\u00e1logo interdisciplinar, aproximando a filosofia pol\u00edtica das pr\u00e1ticas<br \/>\ne fundamentos do Direito. A atividade refor\u00e7ou o compromisso da Institui\u00e7\u00e3o com<br \/>\na forma\u00e7\u00e3o humanista e reflexiva de seus estudantes, incentivando a leitura, a<br \/>\nargumenta\u00e7\u00e3o e o pensamento aut\u00f4nomo.<\/p>\n<div id='gallery-1' class='gallery galleryid-734 gallery-columns-3 gallery-size-thumbnail'><figure class='gallery-item'>\n\t\t\t<div class='gallery-icon landscape'>\n\t\t\t\t<a href='https:\/\/fenord.edu.br\/site\/workshop-do-livro-para-avaliacao-da-obra-literaria\/whatsapp-image-2025-10-24-at-13-45-52\/'><img loading=\"lazy\" decoding=\"async\" width=\"150\" height=\"150\" src=\"https:\/\/fenord.edu.br\/site\/wp-content\/uploads\/2025\/10\/WhatsApp-Image-2025-10-24-at-13.45.52-150x150.jpeg\" class=\"attachment-thumbnail size-thumbnail\" alt=\"\" \/><\/a>\n\t\t\t<\/div><\/figure><figure class='gallery-item'>\n\t\t\t<div class='gallery-icon landscape'>\n\t\t\t\t<a href='https:\/\/fenord.edu.br\/site\/workshop-do-livro-para-avaliacao-da-obra-literaria\/whatsapp-image-2025-10-24-at-13-45-53-1\/'><img loading=\"lazy\" decoding=\"async\" width=\"150\" height=\"150\" src=\"https:\/\/fenord.edu.br\/site\/wp-content\/uploads\/2025\/10\/WhatsApp-Image-2025-10-24-at-13.45.53-1-150x150.jpeg\" class=\"attachment-thumbnail size-thumbnail\" alt=\"\" \/><\/a>\n\t\t\t<\/div><\/figure><figure class='gallery-item'>\n\t\t\t<div class='gallery-icon landscape'>\n\t\t\t\t<a href='https:\/\/fenord.edu.br\/site\/workshop-do-livro-para-avaliacao-da-obra-literaria\/whatsapp-image-2025-10-24-at-13-45-53\/'><img loading=\"lazy\" decoding=\"async\" width=\"150\" height=\"150\" src=\"https:\/\/fenord.edu.br\/site\/wp-content\/uploads\/2025\/10\/WhatsApp-Image-2025-10-24-at-13.45.53-150x150.jpeg\" class=\"attachment-thumbnail size-thumbnail\" alt=\"\" \/><\/a>\n\t\t\t<\/div><\/figure><figure class='gallery-item'>\n\t\t\t<div class='gallery-icon landscape'>\n\t\t\t\t<a href='https:\/\/fenord.edu.br\/site\/workshop-do-livro-para-avaliacao-da-obra-literaria\/whatsapp-image-2025-10-24-at-13-46-21\/'><img loading=\"lazy\" decoding=\"async\" width=\"150\" height=\"150\" src=\"https:\/\/fenord.edu.br\/site\/wp-content\/uploads\/2025\/10\/WhatsApp-Image-2025-10-24-at-13.46.21-150x150.jpeg\" class=\"attachment-thumbnail size-thumbnail\" alt=\"\" \/><\/a>\n\t\t\t<\/div><\/figure>\n\t\t<\/div>\n\n","protected":false},"excerpt":{"rendered":"<p>No dia 22 de outubro, foi realizado, no Audit\u00f3rio do IESI\/FENORD, o workshop sobre a obra \u201cDa Viol\u00eancia\u201d, de Hannah Arendt, com a participa\u00e7\u00e3o dos alunos do curso de Direito dos segundos, quartos, sextos e oitavos per\u00edodos. O encontro foi conduzido pelo professor F\u00e1rnio Rodrigues Chaves, que promoveu uma reflex\u00e3o &hellip; <\/p>\n","protected":false},"author":1,"featured_media":0,"comment_status":"closed","ping_status":"closed","sticky":false,"template":"","format":"standard","meta":{"_editorskit_title_hidden":false,"_editorskit_reading_time":0,"_editorskit_is_block_options_detached":false,"_editorskit_block_options_position":"{}","footnotes":""},"categories":[1],"tags":[],"class_list":["post-734","post","type-post","status-publish","format-standard","hentry","category-sem-categoria"],"_links":{"self":[{"href":"https:\/\/fenord.edu.br\/site\/wp-json\/wp\/v2\/posts\/734","targetHints":{"allow":["GET"]}}],"collection":[{"href":"https:\/\/fenord.edu.br\/site\/wp-json\/wp\/v2\/posts"}],"about":[{"href":"https:\/\/fenord.edu.br\/site\/wp-json\/wp\/v2\/types\/post"}],"author":[{"embeddable":true,"href":"https:\/\/fenord.edu.br\/site\/wp-json\/wp\/v2\/users\/1"}],"replies":[{"embeddable":true,"href":"https:\/\/fenord.edu.br\/site\/wp-json\/wp\/v2\/comments?post=734"}],"version-history":[{"count":1,"href":"https:\/\/fenord.edu.br\/site\/wp-json\/wp\/v2\/posts\/734\/revisions"}],"predecessor-version":[{"id":739,"href":"https:\/\/fenord.edu.br\/site\/wp-json\/wp\/v2\/posts\/734\/revisions\/739"}],"wp:attachment":[{"href":"https:\/\/fenord.edu.br\/site\/wp-json\/wp\/v2\/media?parent=734"}],"wp:term":[{"taxonomy":"category","embeddable":true,"href":"https:\/\/fenord.edu.br\/site\/wp-json\/wp\/v2\/categories?post=734"},{"taxonomy":"post_tag","embeddable":true,"href":"https:\/\/fenord.edu.br\/site\/wp-json\/wp\/v2\/tags?post=734"}],"curies":[{"name":"wp","href":"https:\/\/api.w.org\/{rel}","templated":true}]}}