{"id":583,"date":"2025-08-27T15:26:58","date_gmt":"2025-08-27T18:26:58","guid":{"rendered":"https:\/\/fenord.edu.br\/site\/?p=583"},"modified":"2025-08-27T15:27:42","modified_gmt":"2025-08-27T18:27:42","slug":"583-2","status":"publish","type":"post","link":"https:\/\/fenord.edu.br\/site\/583-2\/","title":{"rendered":""},"content":{"rendered":"<p>&nbsp;<\/p>\n<p>&nbsp;<\/p>\n<p>&nbsp;<\/p>\n<style>\n  body {<br \/>    font-family: sans-serif;<br \/>  }<br \/>  .container {<br \/>    max-width: 800px;<br \/>    margin: 0 auto;<br \/>    padding: 20px;<br \/>  }<br \/>  h1, h2 {<br \/>    text-align: center;<br \/>  }<br \/>  p {<br \/>    text-align: justify;<br \/>    text-indent: 2em; \/* Adiciona um recuo no in\u00edcio de cada par\u00e1grafo *\/<br \/>    line-height: 1.5; \/* Melhora a legibilidade *\/<br \/>  }<br \/>  .center-text {<br \/>      text-align: center;<br \/>      text-indent: 0; \/* Remove o recuo para textos centralizados *\/<br \/>  }<br \/><\/style>\n<p>&nbsp;<\/p>\n<div class=\"container\">\n<h1>286\u00ba SPEED<\/h1>\n<h2>(Semin\u00e1rios Permanentes de Estudos em Direito)<\/h2>\n<p>Na \u00faltima sexta-feira, dia 22 de agosto de 2025, realizou-se o 286\u00ba Semin\u00e1rio Permanente de Estudos em Direito, dando in\u00edcio as atividades do segundo semestre.<\/p>\n<p>O evento contou com a participa\u00e7\u00e3o do Dr. Nagib Assad Lauar, advogado e egresso do curso de Direito, como palestrante e do professor Robert Carvalhaes Levy como debatedor, que abordaram o tema \u201cResponsabilidade Solid\u00e1ria das Empresas Integrantes de um Grupo Econ\u00f4mico pelas Obriga\u00e7\u00f5es Trabalhistas\u201d[cite: 4].<\/p>\n<p>O debate destacou a import\u00e2ncia da solidariedade entre empresas que comp\u00f5em um grupo econ\u00f4mico no cumprimento das obriga\u00e7\u00f5es trabalhistas, garantindo maior prote\u00e7\u00e3o ao trabalhador.<\/p>\n<p>Prevista no artigo 2\u00ba da CLT, essa responsabiliza\u00e7\u00e3o buscou evidenciar que a autonomia jur\u00eddica das empresas n\u00e3o pode ser utilizada de forma abusiva, refor\u00e7ando a primazia da realidade nas rela\u00e7\u00f5es de trabalho[cite: 6].<\/p>\n<p>O encontro proporcionou uma reflex\u00e3o aprofundada sobre os desafios atuais do Direito do Trabalho, reafirmando o papel do Semin\u00e1rio Permanente em Estudos de Direito como espa\u00e7o de debate acad\u00eamico e atualiza\u00e7\u00e3o Jur\u00eddica.<\/p>\n<p class=\"center-text\">Na pr\u00f3xima sexta-feira teremos mais!!!<\/p>\n<p class=\"center-text\">Fiquem atentos \u00e0 programa\u00e7\u00e3o!!!<\/p>\n<\/div>\n<p>&nbsp;<\/p>\n<div id='gallery-1' class='gallery galleryid-583 gallery-columns-3 gallery-size-thumbnail'><figure class='gallery-item'>\n\t\t\t<div class='gallery-icon landscape'>\n\t\t\t\t<a href='https:\/\/fenord.edu.br\/site\/583-2\/whatsapp-image-2025-08-27-at-13-24-28\/'><img loading=\"lazy\" decoding=\"async\" width=\"150\" height=\"150\" src=\"https:\/\/fenord.edu.br\/site\/wp-content\/uploads\/2025\/08\/WhatsApp-Image-2025-08-27-at-13.24.28-150x150.jpeg\" class=\"attachment-thumbnail size-thumbnail\" alt=\"\" \/><\/a>\n\t\t\t<\/div><\/figure><figure class='gallery-item'>\n\t\t\t<div class='gallery-icon landscape'>\n\t\t\t\t<a href='https:\/\/fenord.edu.br\/site\/583-2\/whatsapp-image-2025-08-27-at-13-24-28-2\/'><img loading=\"lazy\" decoding=\"async\" width=\"150\" height=\"150\" src=\"https:\/\/fenord.edu.br\/site\/wp-content\/uploads\/2025\/08\/WhatsApp-Image-2025-08-27-at-13.24.28-2-150x150.jpeg\" class=\"attachment-thumbnail size-thumbnail\" alt=\"\" \/><\/a>\n\t\t\t<\/div><\/figure><figure class='gallery-item'>\n\t\t\t<div class='gallery-icon landscape'>\n\t\t\t\t<a href='https:\/\/fenord.edu.br\/site\/583-2\/whatsapp-image-2025-08-27-at-13-24-28-1\/'><img loading=\"lazy\" decoding=\"async\" width=\"150\" height=\"150\" src=\"https:\/\/fenord.edu.br\/site\/wp-content\/uploads\/2025\/08\/WhatsApp-Image-2025-08-27-at-13.24.28-1-150x150.jpeg\" class=\"attachment-thumbnail size-thumbnail\" alt=\"\" \/><\/a>\n\t\t\t<\/div><\/figure><figure class='gallery-item'>\n\t\t\t<div class='gallery-icon landscape'>\n\t\t\t\t<a href='https:\/\/fenord.edu.br\/site\/583-2\/whatsapp-image-2025-08-27-at-13-24-27\/'><img loading=\"lazy\" decoding=\"async\" width=\"150\" height=\"150\" src=\"https:\/\/fenord.edu.br\/site\/wp-content\/uploads\/2025\/08\/WhatsApp-Image-2025-08-27-at-13.24.27-150x150.jpeg\" class=\"attachment-thumbnail size-thumbnail\" alt=\"\" \/><\/a>\n\t\t\t<\/div><\/figure>\n\t\t<\/div>\n\n","protected":false},"excerpt":{"rendered":"<p>&nbsp; &nbsp; &nbsp; &nbsp; 286\u00ba SPEED (Semin\u00e1rios Permanentes de Estudos em Direito) Na \u00faltima sexta-feira, dia 22 de agosto de 2025, realizou-se o 286\u00ba Semin\u00e1rio Permanente de Estudos em Direito, dando in\u00edcio as atividades do segundo semestre. O evento contou com a participa\u00e7\u00e3o do Dr. Nagib Assad Lauar, advogado e &hellip; <\/p>\n","protected":false},"author":3,"featured_media":0,"comment_status":"closed","ping_status":"closed","sticky":false,"template":"","format":"standard","meta":{"_editorskit_title_hidden":false,"_editorskit_reading_time":0,"_editorskit_is_block_options_detached":false,"_editorskit_block_options_position":"{}","footnotes":""},"categories":[1],"tags":[],"class_list":["post-583","post","type-post","status-publish","format-standard","hentry","category-sem-categoria"],"_links":{"self":[{"href":"https:\/\/fenord.edu.br\/site\/wp-json\/wp\/v2\/posts\/583","targetHints":{"allow":["GET"]}}],"collection":[{"href":"https:\/\/fenord.edu.br\/site\/wp-json\/wp\/v2\/posts"}],"about":[{"href":"https:\/\/fenord.edu.br\/site\/wp-json\/wp\/v2\/types\/post"}],"author":[{"embeddable":true,"href":"https:\/\/fenord.edu.br\/site\/wp-json\/wp\/v2\/users\/3"}],"replies":[{"embeddable":true,"href":"https:\/\/fenord.edu.br\/site\/wp-json\/wp\/v2\/comments?post=583"}],"version-history":[{"count":4,"href":"https:\/\/fenord.edu.br\/site\/wp-json\/wp\/v2\/posts\/583\/revisions"}],"predecessor-version":[{"id":591,"href":"https:\/\/fenord.edu.br\/site\/wp-json\/wp\/v2\/posts\/583\/revisions\/591"}],"wp:attachment":[{"href":"https:\/\/fenord.edu.br\/site\/wp-json\/wp\/v2\/media?parent=583"}],"wp:term":[{"taxonomy":"category","embeddable":true,"href":"https:\/\/fenord.edu.br\/site\/wp-json\/wp\/v2\/categories?post=583"},{"taxonomy":"post_tag","embeddable":true,"href":"https:\/\/fenord.edu.br\/site\/wp-json\/wp\/v2\/tags?post=583"}],"curies":[{"name":"wp","href":"https:\/\/api.w.org\/{rel}","templated":true}]}}