{"id":527,"date":"2025-06-13T10:15:37","date_gmt":"2025-06-13T13:15:37","guid":{"rendered":"https:\/\/fenord.edu.br\/site\/?p=527"},"modified":"2025-06-13T10:15:37","modified_gmt":"2025-06-13T13:15:37","slug":"58o-curso-de-filosofia-do-direito-do-iesi-fenord","status":"publish","type":"post","link":"https:\/\/fenord.edu.br\/site\/58o-curso-de-filosofia-do-direito-do-iesi-fenord\/","title":{"rendered":"58\u00ba CURSO DE FILOSOFIA DO DIREITO DO IESI\/FENORD"},"content":{"rendered":"<p>O 58\u00ba Encontro do N\u00facleo de Filosofia do IESI-FENORD ocorreu no dia 31 de maio de 2025 e abordou o tema: \u201cElementos Filos\u00f3ficos do Tribunal do Juri\u201d, apresentado pelo professor F\u00e1rnio Rodrigues Chaves.<\/p>\n<p>Sob essa perspectiva, discutiram-se aspectos filos\u00f3ficos que fundamentam e influenciam o funcionamento do Tribunal do J\u00fari. A proposta do evento teve como objetivo aprofundar a compreens\u00e3o das implica\u00e7\u00f5es \u00e9ticas, morais e sociais do julgamento popular.<\/p>\n<p>O encontro contou com sess\u00f5es interativas onde os participantes puderam debater casos emblem\u00e1ticos do Tribunal do J\u00fari, refletindo sobre as decis\u00f5es tomadas e as implica\u00e7\u00f5es filos\u00f3ficas envolvidas. A atividade promoveu um ambiente de debate saud\u00e1vel e permitiu que os participantes expressassem suas opini\u00f5es e questionamentos.<\/p>\n<p>Mais uma vez, o N\u00facleo de Filosofia do Direito cumpre sua miss\u00e3o de incentivar o pensamento cr\u00edtico promovendo conhecimento e o debate sobre temas diversos, especialmente aqueles ligados ao campo Jur\u00eddico. Parabenizamos aos acad\u00eamicos que t\u00eam aproveitado as oportunidades oferecidas pelo IESI\/FENORD.<\/p>\n<p>&nbsp;<\/p>\n<p><img loading=\"lazy\" decoding=\"async\" class=\"alignnone size-medium wp-image-528\" src=\"https:\/\/fenord.edu.br\/site\/wp-content\/uploads\/2025\/06\/img1-3-225x300.jpg\" alt=\"\" width=\"225\" height=\"300\" srcset=\"https:\/\/fenord.edu.br\/site\/wp-content\/uploads\/2025\/06\/img1-3-225x300.jpg 225w, https:\/\/fenord.edu.br\/site\/wp-content\/uploads\/2025\/06\/img1-3-768x1024.jpg 768w, https:\/\/fenord.edu.br\/site\/wp-content\/uploads\/2025\/06\/img1-3-1152x1536.jpg 1152w, https:\/\/fenord.edu.br\/site\/wp-content\/uploads\/2025\/06\/img1-3.jpg 1200w\" sizes=\"auto, (max-width: 225px) 100vw, 225px\" \/> <img loading=\"lazy\" decoding=\"async\" class=\"alignnone size-medium wp-image-529\" src=\"https:\/\/fenord.edu.br\/site\/wp-content\/uploads\/2025\/06\/img2-3-300x225.jpg\" alt=\"\" width=\"300\" height=\"225\" srcset=\"https:\/\/fenord.edu.br\/site\/wp-content\/uploads\/2025\/06\/img2-3-300x225.jpg 300w, https:\/\/fenord.edu.br\/site\/wp-content\/uploads\/2025\/06\/img2-3-1024x768.jpg 1024w, https:\/\/fenord.edu.br\/site\/wp-content\/uploads\/2025\/06\/img2-3-768x576.jpg 768w, https:\/\/fenord.edu.br\/site\/wp-content\/uploads\/2025\/06\/img2-3-1536x1152.jpg 1536w, https:\/\/fenord.edu.br\/site\/wp-content\/uploads\/2025\/06\/img2-3.jpg 1600w\" sizes=\"auto, (max-width: 300px) 100vw, 300px\" \/> <img loading=\"lazy\" decoding=\"async\" class=\"alignnone size-medium wp-image-530\" src=\"https:\/\/fenord.edu.br\/site\/wp-content\/uploads\/2025\/06\/img3-3-300x225.jpg\" alt=\"\" width=\"300\" height=\"225\" srcset=\"https:\/\/fenord.edu.br\/site\/wp-content\/uploads\/2025\/06\/img3-3-300x225.jpg 300w, https:\/\/fenord.edu.br\/site\/wp-content\/uploads\/2025\/06\/img3-3-1024x768.jpg 1024w, https:\/\/fenord.edu.br\/site\/wp-content\/uploads\/2025\/06\/img3-3-768x576.jpg 768w, https:\/\/fenord.edu.br\/site\/wp-content\/uploads\/2025\/06\/img3-3-1536x1152.jpg 1536w, https:\/\/fenord.edu.br\/site\/wp-content\/uploads\/2025\/06\/img3-3.jpg 1600w\" sizes=\"auto, (max-width: 300px) 100vw, 300px\" \/><\/p>\n","protected":false},"excerpt":{"rendered":"<p>O 58\u00ba Encontro do N\u00facleo de Filosofia do IESI-FENORD ocorreu no dia 31 de maio de 2025 e abordou o tema: \u201cElementos Filos\u00f3ficos do Tribunal do Juri\u201d, apresentado pelo professor F\u00e1rnio Rodrigues Chaves. Sob essa perspectiva, discutiram-se aspectos filos\u00f3ficos que fundamentam e influenciam o funcionamento do Tribunal do J\u00fari. A &hellip; <\/p>\n","protected":false},"author":1,"featured_media":0,"comment_status":"closed","ping_status":"closed","sticky":false,"template":"","format":"standard","meta":{"_editorskit_title_hidden":false,"_editorskit_reading_time":0,"_editorskit_is_block_options_detached":false,"_editorskit_block_options_position":"{}","footnotes":""},"categories":[1],"tags":[],"class_list":["post-527","post","type-post","status-publish","format-standard","hentry","category-sem-categoria"],"_links":{"self":[{"href":"https:\/\/fenord.edu.br\/site\/wp-json\/wp\/v2\/posts\/527","targetHints":{"allow":["GET"]}}],"collection":[{"href":"https:\/\/fenord.edu.br\/site\/wp-json\/wp\/v2\/posts"}],"about":[{"href":"https:\/\/fenord.edu.br\/site\/wp-json\/wp\/v2\/types\/post"}],"author":[{"embeddable":true,"href":"https:\/\/fenord.edu.br\/site\/wp-json\/wp\/v2\/users\/1"}],"replies":[{"embeddable":true,"href":"https:\/\/fenord.edu.br\/site\/wp-json\/wp\/v2\/comments?post=527"}],"version-history":[{"count":1,"href":"https:\/\/fenord.edu.br\/site\/wp-json\/wp\/v2\/posts\/527\/revisions"}],"predecessor-version":[{"id":531,"href":"https:\/\/fenord.edu.br\/site\/wp-json\/wp\/v2\/posts\/527\/revisions\/531"}],"wp:attachment":[{"href":"https:\/\/fenord.edu.br\/site\/wp-json\/wp\/v2\/media?parent=527"}],"wp:term":[{"taxonomy":"category","embeddable":true,"href":"https:\/\/fenord.edu.br\/site\/wp-json\/wp\/v2\/categories?post=527"},{"taxonomy":"post_tag","embeddable":true,"href":"https:\/\/fenord.edu.br\/site\/wp-json\/wp\/v2\/tags?post=527"}],"curies":[{"name":"wp","href":"https:\/\/api.w.org\/{rel}","templated":true}]}}