{"id":441,"date":"2025-05-13T10:19:26","date_gmt":"2025-05-13T13:19:26","guid":{"rendered":"https:\/\/fenord.edu.br\/site\/?p=441"},"modified":"2025-05-13T10:19:26","modified_gmt":"2025-05-13T13:19:26","slug":"280o-speed","status":"publish","type":"post","link":"https:\/\/fenord.edu.br\/site\/280o-speed\/","title":{"rendered":"280\u00ba SPEED"},"content":{"rendered":"<p><strong>Semin\u00e1rios Permanentes de Estudos em Direito<\/strong><\/p>\n<p>Na \u00faltima sexta-feira, 09 de maio de 2025, foi realizado, com grande \u00eaxito, o evento\u00a0\u201cDa Teoria \u00e0 Realidade: Bastidores da Justi\u00e7a do Trabalho\u201d, que contou com a palestra do Dr. Alisson Viana Tameir\u00e3o e a participa\u00e7\u00e3o da professora Quetsia Dantas M. Ribeiro como debatedora.<\/p>\n<p>O encontro, promovido em formato\u00a0SPEED, foi marcado por uma din\u00e2mica extremamente participativa, que possibilitou uma verdadeira co-constru\u00e7\u00e3o do tema entre o palestrante e os alunos. A troca de experi\u00eancias e a abertura para o di\u00e1logo fizeram do momento uma rica oportunidade de aproxima\u00e7\u00e3o entre o saber acad\u00eamico e a viv\u00eancia pr\u00e1tica no \u00e2mbito da Justi\u00e7a do Trabalho.<\/p>\n<p>Durante o evento, foram sanadas diversas d\u00favidas e curiosidades dos estudantes sobre a atua\u00e7\u00e3o pr\u00e1tica na seara trabalhista, proporcionando-lhes uma vis\u00e3o mais concreta e cr\u00edtica das rotinas forenses e dos desafios enfrentados por advogados, magistrados e demais profissionais do Direito no cotidiano da Justi\u00e7a do Trabalho.<\/p>\n<p>E na pr\u00f3xima sexta-feira tem mais! Fique atento \u00e0 programa\u00e7\u00e3o e n\u00e3o perca os pr\u00f3ximos encontros do\u00a0SPEED do IESI\/FENORD, que seguem promovendo reflex\u00f5es relevantes e integra\u00e7\u00e3o entre teoria e pr\u00e1tica.<\/p>\n<p><img loading=\"lazy\" decoding=\"async\" class=\"alignnone size-medium wp-image-442\" src=\"https:\/\/fenord.edu.br\/site\/wp-content\/uploads\/2025\/05\/IMG1-1-300x225.jpg\" alt=\"\" width=\"300\" height=\"225\" srcset=\"https:\/\/fenord.edu.br\/site\/wp-content\/uploads\/2025\/05\/IMG1-1-300x225.jpg 300w, https:\/\/fenord.edu.br\/site\/wp-content\/uploads\/2025\/05\/IMG1-1-768x576.jpg 768w, https:\/\/fenord.edu.br\/site\/wp-content\/uploads\/2025\/05\/IMG1-1.jpg 791w\" sizes=\"auto, (max-width: 300px) 100vw, 300px\" \/> <img loading=\"lazy\" decoding=\"async\" class=\"alignnone size-medium wp-image-443\" src=\"https:\/\/fenord.edu.br\/site\/wp-content\/uploads\/2025\/05\/IMG2-2-300x225.jpg\" alt=\"\" width=\"300\" height=\"225\" srcset=\"https:\/\/fenord.edu.br\/site\/wp-content\/uploads\/2025\/05\/IMG2-2-300x225.jpg 300w, https:\/\/fenord.edu.br\/site\/wp-content\/uploads\/2025\/05\/IMG2-2-768x576.jpg 768w, https:\/\/fenord.edu.br\/site\/wp-content\/uploads\/2025\/05\/IMG2-2.jpg 791w\" sizes=\"auto, (max-width: 300px) 100vw, 300px\" \/> <img loading=\"lazy\" decoding=\"async\" class=\"alignnone size-medium wp-image-444\" src=\"https:\/\/fenord.edu.br\/site\/wp-content\/uploads\/2025\/05\/img3-2-300x225.jpg\" alt=\"\" width=\"300\" height=\"225\" srcset=\"https:\/\/fenord.edu.br\/site\/wp-content\/uploads\/2025\/05\/img3-2-300x225.jpg 300w, https:\/\/fenord.edu.br\/site\/wp-content\/uploads\/2025\/05\/img3-2-768x576.jpg 768w, https:\/\/fenord.edu.br\/site\/wp-content\/uploads\/2025\/05\/img3-2.jpg 791w\" sizes=\"auto, (max-width: 300px) 100vw, 300px\" \/> <img loading=\"lazy\" decoding=\"async\" class=\"alignnone size-medium wp-image-445\" src=\"https:\/\/fenord.edu.br\/site\/wp-content\/uploads\/2025\/05\/IMG4-2-300x225.jpg\" alt=\"\" width=\"300\" height=\"225\" srcset=\"https:\/\/fenord.edu.br\/site\/wp-content\/uploads\/2025\/05\/IMG4-2-300x225.jpg 300w, https:\/\/fenord.edu.br\/site\/wp-content\/uploads\/2025\/05\/IMG4-2-768x576.jpg 768w, https:\/\/fenord.edu.br\/site\/wp-content\/uploads\/2025\/05\/IMG4-2.jpg 791w\" sizes=\"auto, (max-width: 300px) 100vw, 300px\" \/><\/p>\n<p>&nbsp;<\/p>\n<p>&nbsp;<\/p>\n","protected":false},"excerpt":{"rendered":"<p>Semin\u00e1rios Permanentes de Estudos em Direito Na \u00faltima sexta-feira, 09 de maio de 2025, foi realizado, com grande \u00eaxito, o evento\u00a0\u201cDa Teoria \u00e0 Realidade: Bastidores da Justi\u00e7a do Trabalho\u201d, que contou com a palestra do Dr. Alisson Viana Tameir\u00e3o e a participa\u00e7\u00e3o da professora Quetsia Dantas M. Ribeiro como debatedora. &hellip; <\/p>\n","protected":false},"author":1,"featured_media":0,"comment_status":"closed","ping_status":"closed","sticky":false,"template":"","format":"standard","meta":{"_editorskit_title_hidden":false,"_editorskit_reading_time":0,"_editorskit_is_block_options_detached":false,"_editorskit_block_options_position":"{}","footnotes":""},"categories":[1],"tags":[],"class_list":["post-441","post","type-post","status-publish","format-standard","hentry","category-sem-categoria"],"_links":{"self":[{"href":"https:\/\/fenord.edu.br\/site\/wp-json\/wp\/v2\/posts\/441","targetHints":{"allow":["GET"]}}],"collection":[{"href":"https:\/\/fenord.edu.br\/site\/wp-json\/wp\/v2\/posts"}],"about":[{"href":"https:\/\/fenord.edu.br\/site\/wp-json\/wp\/v2\/types\/post"}],"author":[{"embeddable":true,"href":"https:\/\/fenord.edu.br\/site\/wp-json\/wp\/v2\/users\/1"}],"replies":[{"embeddable":true,"href":"https:\/\/fenord.edu.br\/site\/wp-json\/wp\/v2\/comments?post=441"}],"version-history":[{"count":1,"href":"https:\/\/fenord.edu.br\/site\/wp-json\/wp\/v2\/posts\/441\/revisions"}],"predecessor-version":[{"id":446,"href":"https:\/\/fenord.edu.br\/site\/wp-json\/wp\/v2\/posts\/441\/revisions\/446"}],"wp:attachment":[{"href":"https:\/\/fenord.edu.br\/site\/wp-json\/wp\/v2\/media?parent=441"}],"wp:term":[{"taxonomy":"category","embeddable":true,"href":"https:\/\/fenord.edu.br\/site\/wp-json\/wp\/v2\/categories?post=441"},{"taxonomy":"post_tag","embeddable":true,"href":"https:\/\/fenord.edu.br\/site\/wp-json\/wp\/v2\/tags?post=441"}],"curies":[{"name":"wp","href":"https:\/\/api.w.org\/{rel}","templated":true}]}}