{"id":390,"date":"2025-04-08T10:12:57","date_gmt":"2025-04-08T13:12:57","guid":{"rendered":"https:\/\/fenord.edu.br\/site\/?p=390"},"modified":"2025-04-08T10:12:57","modified_gmt":"2025-04-08T13:12:57","slug":"279o-speed","status":"publish","type":"post","link":"https:\/\/fenord.edu.br\/site\/279o-speed\/","title":{"rendered":"279\u00ba SPEED"},"content":{"rendered":"<p class=\"western\" align=\"center\"><span style=\"color: #0d0d0d;\"><span style=\"font-family: Verdana, sans-serif;\"><span style=\"font-size: large;\"><b>Semin\u00e1rios Permanentes de Estudos em Direito<\/b><\/span><\/span><\/span><\/p>\n<p class=\"western\" align=\"justify\"><span style=\"color: #0d0d0d;\"><span style=\"font-family: Verdana, sans-serif;\"><span style=\"font-size: medium;\">Foi realizado na tarde da \u00faltima sexta-feira, dia 04 de abril, mais um evento do Projeto Institucional do IESI\/FENORD \u2013 SPEED (Semin\u00e1rios Permanentes de Estudo em Direito). Naquela oportunidade, nosso convidado, Dr. M\u00e1rcio Pereira de Souza, Delegado da Pol\u00edcia Civil de Minas Gerais, abordou o tema: \u201cA import\u00e2ncia do inqu\u00e9rito policial no sistema de justi\u00e7a criminal brasileiro e a revolu\u00e7\u00e3o do inqu\u00e9rito digital\u201d, tendo como debatedor o professor Washington Souza Filho. Foi um momento de expandir o conhecimento dos alunos que participaram de forma ativa elaborando perguntas e pondera\u00e7\u00f5es sobre o tema proposto. <\/span><\/span><\/span><\/p>\n<p class=\"western\" align=\"justify\"><span style=\"color: #0d0d0d;\"><span style=\"font-family: Verdana, sans-serif;\"><span style=\"font-size: medium;\">Agradecemos aos nossos convidados pelo empenho em atender prontamente ao nosso convite e tamb\u00e9m aos acad\u00eamicos presentes! <\/span><\/span><\/span><\/p>\n","protected":false},"excerpt":{"rendered":"<p>Semin\u00e1rios Permanentes de Estudos em Direito Foi realizado na tarde da \u00faltima sexta-feira, dia 04 de abril, mais um evento do Projeto Institucional do IESI\/FENORD \u2013 SPEED (Semin\u00e1rios Permanentes de Estudo em Direito). Naquela oportunidade, nosso convidado, Dr. M\u00e1rcio Pereira de Souza, Delegado da Pol\u00edcia Civil de Minas Gerais, abordou &hellip; <\/p>\n","protected":false},"author":1,"featured_media":0,"comment_status":"closed","ping_status":"closed","sticky":false,"template":"","format":"standard","meta":{"_editorskit_title_hidden":false,"_editorskit_reading_time":0,"_editorskit_is_block_options_detached":false,"_editorskit_block_options_position":"{}","footnotes":""},"categories":[1],"tags":[],"class_list":["post-390","post","type-post","status-publish","format-standard","hentry","category-sem-categoria"],"_links":{"self":[{"href":"https:\/\/fenord.edu.br\/site\/wp-json\/wp\/v2\/posts\/390","targetHints":{"allow":["GET"]}}],"collection":[{"href":"https:\/\/fenord.edu.br\/site\/wp-json\/wp\/v2\/posts"}],"about":[{"href":"https:\/\/fenord.edu.br\/site\/wp-json\/wp\/v2\/types\/post"}],"author":[{"embeddable":true,"href":"https:\/\/fenord.edu.br\/site\/wp-json\/wp\/v2\/users\/1"}],"replies":[{"embeddable":true,"href":"https:\/\/fenord.edu.br\/site\/wp-json\/wp\/v2\/comments?post=390"}],"version-history":[{"count":1,"href":"https:\/\/fenord.edu.br\/site\/wp-json\/wp\/v2\/posts\/390\/revisions"}],"predecessor-version":[{"id":391,"href":"https:\/\/fenord.edu.br\/site\/wp-json\/wp\/v2\/posts\/390\/revisions\/391"}],"wp:attachment":[{"href":"https:\/\/fenord.edu.br\/site\/wp-json\/wp\/v2\/media?parent=390"}],"wp:term":[{"taxonomy":"category","embeddable":true,"href":"https:\/\/fenord.edu.br\/site\/wp-json\/wp\/v2\/categories?post=390"},{"taxonomy":"post_tag","embeddable":true,"href":"https:\/\/fenord.edu.br\/site\/wp-json\/wp\/v2\/tags?post=390"}],"curies":[{"name":"wp","href":"https:\/\/api.w.org\/{rel}","templated":true}]}}