{"id":1217,"date":"2026-09-02T14:05:13","date_gmt":"2026-09-02T17:05:13","guid":{"rendered":"https:\/\/fenord.edu.br\/site\/?p=1217"},"modified":"2026-09-02T14:05:13","modified_gmt":"2026-09-02T17:05:13","slug":"294o-speed","status":"publish","type":"post","link":"https:\/\/fenord.edu.br\/site\/294o-speed\/","title":{"rendered":"294\u00ba SPEED"},"content":{"rendered":"<p>(Semin\u00e1rios Permanentes de Estudos em Direito)<br \/>\nNa \u00faltima sexta-feira, dia 21, o IESI\/FENORD realizou mais uma edi\u00e7\u00e3o do SPEED, para um bate-papo sobre \u201cADVOGAR NA VIDA REAL: do primeiro cliente \u00e0 senten\u00e7a \u2013 escolhas, desafios e aprendizados que a faculdade nem sempre ensina\u201d, com o advogado e egresso desta Institui\u00e7\u00e3o, Dr. Ramon Martins.<br \/>\nCom a participa\u00e7\u00e3o de alunos de diferentes per\u00edodos, o encontro teve lota\u00e7\u00e3o m\u00e1xima, proporcionando um momento de troca de experi\u00eancias, conhecimento e reflex\u00e3o sobre os desafios e as possibilidades da advocacia.<br \/>\nDurante a palestra, o Dr. Ramon compartilhou experi\u00eancias da sua trajet\u00f3ria profissional e abordou temas essenciais para quem deseja ingressar na advocacia, como forma\u00e7\u00e3o pr\u00e1tica, est\u00e1gio, especializa\u00e7\u00e3o, posicionamento profissional, atendimento ao cliente e pr\u00e1tica processual.<br \/>\nA iniciativa refor\u00e7a o compromisso da Institui\u00e7\u00e3o em aproximar a forma\u00e7\u00e3o acad\u00eamica da realidade profissional, proporcionando aos estudantes experi\u00eancias que v\u00e3o al\u00e9m da sala de aula e contribuindo para a constru\u00e7\u00e3o de uma carreira jur\u00eddica mais preparada e consciente.<br \/>\nO IESI\/FENORD agradece ao Dr. Ramon Martins pela valiosa contribui\u00e7\u00e3o e a todos os alunos que participaram do encontro, tornando mais uma edi\u00e7\u00e3o do SPEED um momento de debate, troca de experi\u00eancias e inspira\u00e7\u00e3o.<br \/>\nAguardamos os acad\u00eamicos para no pr\u00f3ximo SPEED!!!<br \/>\n<div id='gallery-1' class='gallery galleryid-1217 gallery-columns-3 gallery-size-thumbnail'><figure class='gallery-item'>\n\t\t\t<div class='gallery-icon portrait'>\n\t\t\t\t<a href='https:\/\/fenord.edu.br\/site\/294o-speed\/whatsapp-image-2026-08-24-at-13-39-29\/'><img loading=\"lazy\" decoding=\"async\" width=\"150\" height=\"150\" src=\"https:\/\/fenord.edu.br\/site\/wp-content\/uploads\/2026\/09\/WhatsApp-Image-2026-08-24-at-13.39.29-150x150.jpeg\" class=\"attachment-thumbnail size-thumbnail\" alt=\"\" \/><\/a>\n\t\t\t<\/div><\/figure><figure class='gallery-item'>\n\t\t\t<div class='gallery-icon landscape'>\n\t\t\t\t<a href='https:\/\/fenord.edu.br\/site\/294o-speed\/whatsapp-image-2026-08-24-at-13-39-29-1\/'><img loading=\"lazy\" decoding=\"async\" width=\"150\" height=\"150\" src=\"https:\/\/fenord.edu.br\/site\/wp-content\/uploads\/2026\/09\/WhatsApp-Image-2026-08-24-at-13.39.29-1-150x150.jpeg\" class=\"attachment-thumbnail size-thumbnail\" alt=\"\" \/><\/a>\n\t\t\t<\/div><\/figure><figure class='gallery-item'>\n\t\t\t<div class='gallery-icon landscape'>\n\t\t\t\t<a href='https:\/\/fenord.edu.br\/site\/294o-speed\/whatsapp-image-2026-08-24-at-13-39-29-2\/'><img loading=\"lazy\" decoding=\"async\" width=\"150\" height=\"150\" src=\"https:\/\/fenord.edu.br\/site\/wp-content\/uploads\/2026\/09\/WhatsApp-Image-2026-08-24-at-13.39.29-2-150x150.jpeg\" class=\"attachment-thumbnail size-thumbnail\" alt=\"\" \/><\/a>\n\t\t\t<\/div><\/figure><figure class='gallery-item'>\n\t\t\t<div class='gallery-icon landscape'>\n\t\t\t\t<a href='https:\/\/fenord.edu.br\/site\/294o-speed\/whatsapp-image-2026-08-24-at-13-39-30\/'><img loading=\"lazy\" decoding=\"async\" width=\"150\" height=\"150\" src=\"https:\/\/fenord.edu.br\/site\/wp-content\/uploads\/2026\/09\/WhatsApp-Image-2026-08-24-at-13.39.30-150x150.jpeg\" class=\"attachment-thumbnail size-thumbnail\" alt=\"\" \/><\/a>\n\t\t\t<\/div><\/figure>\n\t\t<\/div>\n<\/p>\n","protected":false},"excerpt":{"rendered":"<p>(Semin\u00e1rios Permanentes de Estudos em Direito) Na \u00faltima sexta-feira, dia 21, o IESI\/FENORD realizou mais uma edi\u00e7\u00e3o do SPEED, para um bate-papo sobre \u201cADVOGAR NA VIDA REAL: do primeiro cliente \u00e0 senten\u00e7a \u2013 escolhas, desafios e aprendizados que a faculdade nem sempre ensina\u201d, com o advogado e egresso desta Institui\u00e7\u00e3o, &hellip; <\/p>\n","protected":false},"author":1,"featured_media":0,"comment_status":"closed","ping_status":"closed","sticky":false,"template":"","format":"standard","meta":{"_editorskit_title_hidden":false,"_editorskit_reading_time":0,"_editorskit_is_block_options_detached":false,"_editorskit_block_options_position":"{}","footnotes":""},"categories":[1],"tags":[],"class_list":["post-1217","post","type-post","status-publish","format-standard","hentry","category-sem-categoria"],"_links":{"self":[{"href":"https:\/\/fenord.edu.br\/site\/wp-json\/wp\/v2\/posts\/1217","targetHints":{"allow":["GET"]}}],"collection":[{"href":"https:\/\/fenord.edu.br\/site\/wp-json\/wp\/v2\/posts"}],"about":[{"href":"https:\/\/fenord.edu.br\/site\/wp-json\/wp\/v2\/types\/post"}],"author":[{"embeddable":true,"href":"https:\/\/fenord.edu.br\/site\/wp-json\/wp\/v2\/users\/1"}],"replies":[{"embeddable":true,"href":"https:\/\/fenord.edu.br\/site\/wp-json\/wp\/v2\/comments?post=1217"}],"version-history":[{"count":2,"href":"https:\/\/fenord.edu.br\/site\/wp-json\/wp\/v2\/posts\/1217\/revisions"}],"predecessor-version":[{"id":1223,"href":"https:\/\/fenord.edu.br\/site\/wp-json\/wp\/v2\/posts\/1217\/revisions\/1223"}],"wp:attachment":[{"href":"https:\/\/fenord.edu.br\/site\/wp-json\/wp\/v2\/media?parent=1217"}],"wp:term":[{"taxonomy":"category","embeddable":true,"href":"https:\/\/fenord.edu.br\/site\/wp-json\/wp\/v2\/categories?post=1217"},{"taxonomy":"post_tag","embeddable":true,"href":"https:\/\/fenord.edu.br\/site\/wp-json\/wp\/v2\/tags?post=1217"}],"curies":[{"name":"wp","href":"https:\/\/api.w.org\/{rel}","templated":true}]}}