{"id":1211,"date":"2026-09-02T14:01:19","date_gmt":"2026-09-02T17:01:19","guid":{"rendered":"https:\/\/fenord.edu.br\/site\/?p=1211"},"modified":"2026-09-02T14:01:19","modified_gmt":"2026-09-02T17:01:19","slug":"62o-curso-de-filosofia-do-direito-do-iesi-fenord","status":"publish","type":"post","link":"https:\/\/fenord.edu.br\/site\/62o-curso-de-filosofia-do-direito-do-iesi-fenord\/","title":{"rendered":"62\u00ba CURSO DE FILOSOFIA DO DIREITO DO IESI\/FENORD"},"content":{"rendered":"<p>O 62\u00ba Curso de Filosofia do Direito\/2026, promovido pelo IESI\/FENORD, , foi realizado no dia 29 de agosto de 2026, com a participa\u00e7\u00e3o do Prof. F\u00e1rnio Rodrigues Chaves, que apresentou o tema \u201cDa Estrat\u00e9gia Judicial: uma an\u00e1lise da obra de Jacques Verg\u00e8s\u201d.<br \/>\nDurante a atividade, foram discutidos aspectos da estrat\u00e9gia judicial, da argumenta\u00e7\u00e3o jur\u00eddica e da atua\u00e7\u00e3o do advogado, a partir das ideias de Jacques Verg\u00e8s e do conceito de \u201cdefesa de ruptura\u201d.<br \/>\nO encontro proporcionou aos acad\u00eamicos momentos de reflex\u00e3o e debate sobre o Direito, a justi\u00e7a, a \u00e9tica e a pr\u00e1tica da advocacia, contando com a participa\u00e7\u00e3o dos alunos por meio de perguntas e discuss\u00f5es.<br \/>\nA atividade contribuiu para o aprimoramento da forma\u00e7\u00e3o cr\u00edtica e human\u00edstica dos acad\u00eamicos, aproximando a Filosofia do Direito da pr\u00e1tica jur\u00eddica.<br \/>\nA FENORD agradece ao Prof. F\u00e1rnio Rodrigues Chaves e a todos os alunos que participaram do encontro.<br \/>\nAguardamos os acad\u00eamicos para o pr\u00f3ximo encontro!!!<\/p>\n<div id='gallery-1' class='gallery galleryid-1211 gallery-columns-3 gallery-size-thumbnail'><figure class='gallery-item'>\n\t\t\t<div class='gallery-icon portrait'>\n\t\t\t\t<a href='https:\/\/fenord.edu.br\/site\/62o-curso-de-filosofia-do-direito-do-iesi-fenord\/whatsapp-image-2026-08-31-at-14-26-52-1\/'><img loading=\"lazy\" decoding=\"async\" width=\"150\" height=\"150\" src=\"https:\/\/fenord.edu.br\/site\/wp-content\/uploads\/2026\/09\/WhatsApp-Image-2026-08-31-at-14.26.52-1-150x150.jpeg\" class=\"attachment-thumbnail size-thumbnail\" alt=\"\" \/><\/a>\n\t\t\t<\/div><\/figure><figure class='gallery-item'>\n\t\t\t<div class='gallery-icon landscape'>\n\t\t\t\t<a href='https:\/\/fenord.edu.br\/site\/62o-curso-de-filosofia-do-direito-do-iesi-fenord\/whatsapp-image-2026-08-31-at-14-26-52\/'><img loading=\"lazy\" decoding=\"async\" width=\"150\" height=\"150\" src=\"https:\/\/fenord.edu.br\/site\/wp-content\/uploads\/2026\/09\/WhatsApp-Image-2026-08-31-at-14.26.52-150x150.jpeg\" class=\"attachment-thumbnail size-thumbnail\" alt=\"\" \/><\/a>\n\t\t\t<\/div><\/figure><figure class='gallery-item'>\n\t\t\t<div class='gallery-icon landscape'>\n\t\t\t\t<a href='https:\/\/fenord.edu.br\/site\/62o-curso-de-filosofia-do-direito-do-iesi-fenord\/whatsapp-image-2026-08-31-at-14-26-51\/'><img loading=\"lazy\" decoding=\"async\" width=\"150\" height=\"150\" src=\"https:\/\/fenord.edu.br\/site\/wp-content\/uploads\/2026\/09\/WhatsApp-Image-2026-08-31-at-14.26.51-150x150.jpeg\" class=\"attachment-thumbnail size-thumbnail\" alt=\"\" \/><\/a>\n\t\t\t<\/div><\/figure>\n\t\t<\/div>\n\n","protected":false},"excerpt":{"rendered":"<p>O 62\u00ba Curso de Filosofia do Direito\/2026, promovido pelo IESI\/FENORD, , foi realizado no dia 29 de agosto de 2026, com a participa\u00e7\u00e3o do Prof. F\u00e1rnio Rodrigues Chaves, que apresentou o tema \u201cDa Estrat\u00e9gia Judicial: uma an\u00e1lise da obra de Jacques Verg\u00e8s\u201d. Durante a atividade, foram discutidos aspectos da estrat\u00e9gia &hellip; <\/p>\n","protected":false},"author":1,"featured_media":0,"comment_status":"closed","ping_status":"closed","sticky":false,"template":"","format":"standard","meta":{"_editorskit_title_hidden":false,"_editorskit_reading_time":0,"_editorskit_is_block_options_detached":false,"_editorskit_block_options_position":"{}","footnotes":""},"categories":[1],"tags":[],"class_list":["post-1211","post","type-post","status-publish","format-standard","hentry","category-sem-categoria"],"_links":{"self":[{"href":"https:\/\/fenord.edu.br\/site\/wp-json\/wp\/v2\/posts\/1211","targetHints":{"allow":["GET"]}}],"collection":[{"href":"https:\/\/fenord.edu.br\/site\/wp-json\/wp\/v2\/posts"}],"about":[{"href":"https:\/\/fenord.edu.br\/site\/wp-json\/wp\/v2\/types\/post"}],"author":[{"embeddable":true,"href":"https:\/\/fenord.edu.br\/site\/wp-json\/wp\/v2\/users\/1"}],"replies":[{"embeddable":true,"href":"https:\/\/fenord.edu.br\/site\/wp-json\/wp\/v2\/comments?post=1211"}],"version-history":[{"count":2,"href":"https:\/\/fenord.edu.br\/site\/wp-json\/wp\/v2\/posts\/1211\/revisions"}],"predecessor-version":[{"id":1216,"href":"https:\/\/fenord.edu.br\/site\/wp-json\/wp\/v2\/posts\/1211\/revisions\/1216"}],"wp:attachment":[{"href":"https:\/\/fenord.edu.br\/site\/wp-json\/wp\/v2\/media?parent=1211"}],"wp:term":[{"taxonomy":"category","embeddable":true,"href":"https:\/\/fenord.edu.br\/site\/wp-json\/wp\/v2\/categories?post=1211"},{"taxonomy":"post_tag","embeddable":true,"href":"https:\/\/fenord.edu.br\/site\/wp-json\/wp\/v2\/tags?post=1211"}],"curies":[{"name":"wp","href":"https:\/\/api.w.org\/{rel}","templated":true}]}}