{"id":1204,"date":"2026-09-02T13:57:33","date_gmt":"2026-09-02T16:57:33","guid":{"rendered":"https:\/\/fenord.edu.br\/site\/?p=1204"},"modified":"2026-09-02T13:57:33","modified_gmt":"2026-09-02T16:57:33","slug":"72o-cinema-comentado-do-iesi-fenord","status":"publish","type":"post","link":"https:\/\/fenord.edu.br\/site\/72o-cinema-comentado-do-iesi-fenord\/","title":{"rendered":"72\u00ba CINEMA COMENTADO DO IESI\/FENORD"},"content":{"rendered":"<p>FILME: \u201cO PODER E A LEI\u201d<\/p>\n<p>O 72\u00ba Cinema Comentado do IESI\/FENORD foi realizado no dia 29 de agosto de 2026, com a exibi\u00e7\u00e3o do filme \u201cO Poder e a Lei\u201d, sob a condu\u00e7\u00e3o do Prof. F\u00e1rnio Rodrigues Chaves.<br \/>\nA obra aborda quest\u00f5es relacionadas \u00e0 atua\u00e7\u00e3o da advocacia, \u00e0 aplica\u00e7\u00e3o da lei, \u00e0 justi\u00e7a e \u00e0 \u00e9tica, apresentando situa\u00e7\u00f5es que permitem refletir sobre a atua\u00e7\u00e3o dos profissionais do Direito e os desafios presentes no sistema judici\u00e1rio.<br \/>\nAp\u00f3s a exibi\u00e7\u00e3o, o professor conduziu uma discuss\u00e3o sobre os principais aspectos jur\u00eddicos apresentados no filme, destacando temas como ampla defesa, contradit\u00f3rio, presun\u00e7\u00e3o de inoc\u00eancia, devido processo legal e responsabilidade profissional.<br \/>\nA atividade contou com a participa\u00e7\u00e3o dos acad\u00eamicos, que contribu\u00edram com perguntas e opini\u00f5es, promovendo um espa\u00e7o de debate e reflex\u00e3o cr\u00edtica sobre a rela\u00e7\u00e3o entre o Direito, a justi\u00e7a e a realidade social.<br \/>\nO Cinema Comentado reafirma sua import\u00e2ncia como atividade acad\u00eamica que utiliza o cinema como instrumento de aprendizado e contribui para a forma\u00e7\u00e3o cr\u00edtica e human\u00edstica dos estudantes.<br \/>\nA FENORD agradece ao Prof. F\u00e1rnio Rodrigues Chaves e a todos os acad\u00eamicos participantes e, convida os demais alunos a participarem das pr\u00f3ximas edi\u00e7\u00f5es do Cinema Comentado.<br \/>\n<div id='gallery-1' class='gallery galleryid-1204 gallery-columns-3 gallery-size-thumbnail'><figure class='gallery-item'>\n\t\t\t<div class='gallery-icon landscape'>\n\t\t\t\t<a href='https:\/\/fenord.edu.br\/site\/72o-cinema-comentado-do-iesi-fenord\/whatsapp-image-2026-08-31-at-14-29-15\/'><img loading=\"lazy\" decoding=\"async\" width=\"150\" height=\"150\" src=\"https:\/\/fenord.edu.br\/site\/wp-content\/uploads\/2026\/09\/WhatsApp-Image-2026-08-31-at-14.29.15-150x150.jpeg\" class=\"attachment-thumbnail size-thumbnail\" alt=\"\" \/><\/a>\n\t\t\t<\/div><\/figure><figure class='gallery-item'>\n\t\t\t<div class='gallery-icon landscape'>\n\t\t\t\t<a href='https:\/\/fenord.edu.br\/site\/72o-cinema-comentado-do-iesi-fenord\/whatsapp-image-2026-08-31-at-14-29-15-1\/'><img loading=\"lazy\" decoding=\"async\" width=\"150\" height=\"150\" src=\"https:\/\/fenord.edu.br\/site\/wp-content\/uploads\/2026\/09\/WhatsApp-Image-2026-08-31-at-14.29.15-1-150x150.jpeg\" class=\"attachment-thumbnail size-thumbnail\" alt=\"\" \/><\/a>\n\t\t\t<\/div><\/figure><figure class='gallery-item'>\n\t\t\t<div class='gallery-icon landscape'>\n\t\t\t\t<a href='https:\/\/fenord.edu.br\/site\/72o-cinema-comentado-do-iesi-fenord\/whatsapp-image-2026-08-31-at-14-29-15-2\/'><img loading=\"lazy\" decoding=\"async\" width=\"150\" height=\"150\" src=\"https:\/\/fenord.edu.br\/site\/wp-content\/uploads\/2026\/09\/WhatsApp-Image-2026-08-31-at-14.29.15-2-150x150.jpeg\" class=\"attachment-thumbnail size-thumbnail\" alt=\"\" \/><\/a>\n\t\t\t<\/div><\/figure><figure class='gallery-item'>\n\t\t\t<div class='gallery-icon landscape'>\n\t\t\t\t<a href='https:\/\/fenord.edu.br\/site\/72o-cinema-comentado-do-iesi-fenord\/whatsapp-image-2026-08-31-at-14-29-16\/'><img loading=\"lazy\" decoding=\"async\" width=\"150\" height=\"150\" src=\"https:\/\/fenord.edu.br\/site\/wp-content\/uploads\/2026\/09\/WhatsApp-Image-2026-08-31-at-14.29.16-150x150.jpeg\" class=\"attachment-thumbnail size-thumbnail\" alt=\"\" \/><\/a>\n\t\t\t<\/div><\/figure>\n\t\t<\/div>\n<\/p>\n","protected":false},"excerpt":{"rendered":"<p>FILME: \u201cO PODER E A LEI\u201d O 72\u00ba Cinema Comentado do IESI\/FENORD foi realizado no dia 29 de agosto de 2026, com a exibi\u00e7\u00e3o do filme \u201cO Poder e a Lei\u201d, sob a condu\u00e7\u00e3o do Prof. F\u00e1rnio Rodrigues Chaves. A obra aborda quest\u00f5es relacionadas \u00e0 atua\u00e7\u00e3o da advocacia, \u00e0 aplica\u00e7\u00e3o &hellip; <\/p>\n","protected":false},"author":1,"featured_media":0,"comment_status":"closed","ping_status":"closed","sticky":false,"template":"","format":"standard","meta":{"_editorskit_title_hidden":false,"_editorskit_reading_time":0,"_editorskit_is_block_options_detached":false,"_editorskit_block_options_position":"{}","footnotes":""},"categories":[1],"tags":[],"class_list":["post-1204","post","type-post","status-publish","format-standard","hentry","category-sem-categoria"],"_links":{"self":[{"href":"https:\/\/fenord.edu.br\/site\/wp-json\/wp\/v2\/posts\/1204","targetHints":{"allow":["GET"]}}],"collection":[{"href":"https:\/\/fenord.edu.br\/site\/wp-json\/wp\/v2\/posts"}],"about":[{"href":"https:\/\/fenord.edu.br\/site\/wp-json\/wp\/v2\/types\/post"}],"author":[{"embeddable":true,"href":"https:\/\/fenord.edu.br\/site\/wp-json\/wp\/v2\/users\/1"}],"replies":[{"embeddable":true,"href":"https:\/\/fenord.edu.br\/site\/wp-json\/wp\/v2\/comments?post=1204"}],"version-history":[{"count":2,"href":"https:\/\/fenord.edu.br\/site\/wp-json\/wp\/v2\/posts\/1204\/revisions"}],"predecessor-version":[{"id":1210,"href":"https:\/\/fenord.edu.br\/site\/wp-json\/wp\/v2\/posts\/1204\/revisions\/1210"}],"wp:attachment":[{"href":"https:\/\/fenord.edu.br\/site\/wp-json\/wp\/v2\/media?parent=1204"}],"wp:term":[{"taxonomy":"category","embeddable":true,"href":"https:\/\/fenord.edu.br\/site\/wp-json\/wp\/v2\/categories?post=1204"},{"taxonomy":"post_tag","embeddable":true,"href":"https:\/\/fenord.edu.br\/site\/wp-json\/wp\/v2\/tags?post=1204"}],"curies":[{"name":"wp","href":"https:\/\/api.w.org\/{rel}","templated":true}]}}